{"id":448,"date":"2021-02-05T18:07:34","date_gmt":"2021-02-05T17:07:34","guid":{"rendered":"https:\/\/nmprawo.pl\/blog\/?p=448"},"modified":"2025-07-07T16:55:02","modified_gmt":"2025-07-07T14:55:02","slug":"akcja-otwieramy","status":"publish","type":"post","link":"https:\/\/nmprawo.pl\/blog\/akcja-otwieramy\/","title":{"rendered":"Akcja &#8222;OtwieraMY&#8221;"},"content":{"rendered":"\n<p class=\"has-text-align-justify\">Zakaz prowadzenia niekt\u00f3rych dzia\u0142alno\u015bci jest wci\u0105\u017c przed\u0142u\u017cany moc\u0105 Rozporz\u0105dze\u0144 Rady Ministr\u00f3w. W\u0142a\u015bciciele restauracji, klub\u00f3w, czy si\u0142owni nadal nie wiedz\u0105 kiedy dotychczasowe obostrzenia zostan\u0105 zdj\u0119te, ponosz\u0105c straty finansowe.<\/p>\n\n\n\n<p class=\"has-text-align-justify\">Akcja \u201eOtwieraMY\u201d, ma na celu otwarcie tych miejsc, w kt\u00f3rych prowadzenie dzia\u0142alno\u015bci jest obecnie zakazane przez Rozporz\u0105dzenie. Du\u017cym echem odbi\u0142o si\u0119 w tym temacie r\u00f3wnie\u017c orzeczenie Wojew\u00f3dzkiego S\u0105du Administracyjnego w Opolu z dnia 27 pa\u017adziernika 2020 r. II SA\/Op 219\/20.<\/p>\n\n\n\n<p class=\"has-text-align-justify\">Dotyczy\u0142o ono fryzjera, kt\u00f3ry wbrew nakazowi, otworzy\u0142 sw\u00f3j zak\u0142ad i obs\u0142u\u017cy\u0142 klienta, za co zosta\u0142 ukarany kar\u0105 finansow\u0105. W rzeczonym wyroku WSA uchyli\u0142 decyzje Sanepidu o na\u0142o\u017ceniu kary finansowej na Fryzjera.<\/p>\n\n\n\n<p class=\"has-text-align-justify\">Odchodz\u0105c od tematu wspomnianego wyroku, poni\u017cej przeczytacie o tym, jakie skutki mog\u0105 wi\u0105za\u0107 si\u0119 z ewentualn\u0105 kontrol\u0105 miejsc kt\u00f3re zosta\u0142y otwarte pomimo zakazu, jak zachowa\u0107 si\u0119 podczas kontroli, jak si\u0119 odwo\u0142a\u0107 i jakich obowi\u0105zk\u00f3w nale\u017cy dope\u0142ni\u0107.<\/p>\n\n\n\n<p class=\"has-text-align-justify\">Osoba, kt\u00f3ra naruszy dotychczas obowi\u0105zuj\u0105cy zakaz prowadzenia dzia\u0142alno\u015bci gospodarczej w zwi\u0105zku z Rozporz\u0105dzeniem, mo\u017ce zosta\u0107 ukarana mandatem, a tak\u017ce kar\u0105 administracyjn\u0105.<\/p>\n\n\n\n<p class=\"has-text-align-justify\">Je\u015bli ukarany nie zgadza si\u0119 z wypisanym mandatem, mo\u017ce odm\u00f3wi\u0107 jego przyj\u0119cia. W tym wypadku policjant skieruje wniosek o ukaranie do S\u0105du, od kt\u00f3rego mo\u017cna si\u0119 odwo\u0142a\u0107. Przyj\u0119cie Mandatu oznacza rezygnacj\u0119 z mo\u017cliwo\u015bci odwo\u0142ania si\u0119.<\/p>\n\n\n\n<p class=\"has-text-align-justify\">Natomiast w przypadku kary administracyjnej \u2013 nie ma mo\u017cliwo\u015bci odmowy jej przyj\u0119cia. Kara ta ma rygor natychmiastowej wykonalno\u015bci. W takiej sytuacji ukaranemu przys\u0142uguje odwo\u0142anie do Wojew\u00f3dzkiego Sanepidu, a w dalszej kolejno\u015bci do Wojew\u00f3dzkiego S\u0105du Administracyjnego.<\/p>\n\n\n\n<p class=\"has-text-align-justify\">Podczas kontroli, przede wszystkim nale\u017cy zachowa\u0107 spok\u00f3j i w \u017caden spos\u00f3b nie prowokowa\u0107 os\u00f3b kontroluj\u0105cych. Je\u017celi zostaniemy wylegitymowani nale\u017cy okaza\u0107 funkcjonariuszowi policji lub inspektorowi sanepidu dow\u00f3d osobisty lub inny dokument potwierdzaj\u0105cy nasz\u0105 to\u017csamo\u015b\u0107. Osoba kontroluj\u0105ca powinna poda\u0107 podstaw\u0119 prawn\u0105 kontroli oraz poda\u0107 nam swoje imi\u0119 i nazwisko oraz stopie\u0144 lub funkcj\u0119.<\/p>\n\n\n\n<p class=\"has-text-align-justify\">Je\u017celi zdecydujesz si\u0119 do\u0142\u0105czy\u0107 do akcji \u201eotwieraMy\u201d i planujesz otworzy\u0107 swoj\u0105 dzia\u0142alno\u015b\u0107, pami\u0119taj o tym, aby zachowa\u0107 re\u017cim sanitarny, dystans spo\u0142eczny, dost\u0119p do \u015brodk\u00f3w dezynfekcji oraz przestrzega\u0107 obowi\u0105zku zakrywania nosa i ust.<\/p>\n","protected":false},"excerpt":{"rendered":"<p>Zakaz prowadzenia niekt\u00f3rych dzia\u0142alno\u015bci jest wci\u0105\u017c przed\u0142u\u017cany moc\u0105 Rozporz\u0105dze\u0144 Rady Ministr\u00f3w. W\u0142a\u015bciciele restauracji, klub\u00f3w, czy si\u0142owni nadal nie wiedz\u0105 kiedy dotychczasowe obostrzenia zostan\u0105 zdj\u0119te, ponosz\u0105c&hellip;<\/p>\n","protected":false},"author":1,"featured_media":449,"comment_status":"closed","ping_status":"open","sticky":false,"template":"","format":"standard","meta":{"_editorskit_title_hidden":false,"_editorskit_reading_time":1,"_editorskit_is_block_options_detached":false,"_editorskit_block_options_position":"{}","footnotes":""},"categories":[12],"tags":[],"class_list":["post-448","post","type-post","status-publish","format-standard","has-post-thumbnail","hentry","category-koronawirus","has-post-thumbnail-archive"],"yoast_head":"<!-- This site is optimized with the Yoast SEO plugin v27.5 - https:\/\/yoast.com\/product\/yoast-seo-wordpress\/ -->\n<title>Akcja &quot;OtwieraMY&quot; - Blog prawny<\/title>\n<meta name=\"description\" content=\"Zakaz prowadzenia niekt\u00f3rych dzia\u0142alno\u015bci jest wci\u0105\u017c przed\u0142u\u017cany moc\u0105 Rozporz\u0105dze\u0144 Rady Ministr\u00f3w. Akcja \u201eOtwieraMY\u201d, ma na celu otwarcie tych miejsc, w kt\u00f3rych prowadzenie dzia\u0142alno\u015bci jest obecnie zakazane przez Rozporz\u0105dzenie.\" \/>\n<meta name=\"robots\" content=\"index, follow, max-snippet:-1, max-image-preview:large, max-video-preview:-1\" \/>\n<link rel=\"canonical\" href=\"https:\/\/nmprawo.pl\/blog\/akcja-otwieramy\/\" \/>\n<meta property=\"og:locale\" content=\"pl_PL\" \/>\n<meta property=\"og:type\" content=\"article\" \/>\n<meta property=\"og:title\" content=\"Akcja &quot;OtwieraMY&quot; - Blog prawny\" \/>\n<meta property=\"og:description\" content=\"Zakaz prowadzenia niekt\u00f3rych dzia\u0142alno\u015bci jest wci\u0105\u017c przed\u0142u\u017cany moc\u0105 Rozporz\u0105dze\u0144 Rady Ministr\u00f3w. Akcja \u201eOtwieraMY\u201d, ma na celu otwarcie tych miejsc, w kt\u00f3rych prowadzenie dzia\u0142alno\u015bci jest obecnie zakazane przez Rozporz\u0105dzenie.\" \/>\n<meta property=\"og:url\" content=\"https:\/\/nmprawo.pl\/blog\/akcja-otwieramy\/\" \/>\n<meta property=\"og:site_name\" content=\"Blog prawny\" \/>\n<meta property=\"article:publisher\" content=\"https:\/\/www.facebook.com\/nmprawo\" \/>\n<meta property=\"article:author\" content=\"https:\/\/www.facebook.com\/nmprawo\" \/>\n<meta property=\"article:published_time\" content=\"2021-02-05T17:07:34+00:00\" \/>\n<meta property=\"article:modified_time\" content=\"2025-07-07T14:55:02+00:00\" \/>\n<meta property=\"og:image\" content=\"https:\/\/nmprawo.pl\/blog\/wp-content\/uploads\/2021\/02\/otwieramy.png\" \/>\n\t<meta property=\"og:image:width\" content=\"1200\" \/>\n\t<meta property=\"og:image:height\" content=\"628\" \/>\n\t<meta property=\"og:image:type\" content=\"image\/png\" \/>\n<meta name=\"author\" content=\"Natalia Modzelewska\" \/>\n<meta name=\"twitter:card\" content=\"summary_large_image\" \/>\n<meta name=\"twitter:creator\" content=\"@nmprawo\" \/>\n<meta name=\"twitter:site\" content=\"@nmprawo\" \/>\n<meta name=\"twitter:label1\" content=\"Napisane przez\" \/>\n\t<meta name=\"twitter:data1\" content=\"Natalia Modzelewska\" \/>\n\t<meta name=\"twitter:label2\" content=\"Szacowany czas czytania\" \/>\n\t<meta name=\"twitter:data2\" content=\"2 minuty\" \/>\n<script type=\"application\/ld+json\" class=\"yoast-schema-graph\">{\"@context\":\"https:\\\/\\\/schema.org\",\"@graph\":[{\"@type\":\"Article\",\"@id\":\"https:\\\/\\\/nmprawo.pl\\\/blog\\\/akcja-otwieramy\\\/#article\",\"isPartOf\":{\"@id\":\"https:\\\/\\\/nmprawo.pl\\\/blog\\\/akcja-otwieramy\\\/\"},\"author\":{\"name\":\"Natalia Modzelewska\",\"@id\":\"https:\\\/\\\/nmprawo.pl\\\/blog\\\/#\\\/schema\\\/person\\\/4d1f07490d680a1d65fa51ed8778de4c\"},\"headline\":\"Akcja &#8222;OtwieraMY&#8221;\",\"datePublished\":\"2021-02-05T17:07:34+00:00\",\"dateModified\":\"2025-07-07T14:55:02+00:00\",\"mainEntityOfPage\":{\"@id\":\"https:\\\/\\\/nmprawo.pl\\\/blog\\\/akcja-otwieramy\\\/\"},\"wordCount\":399,\"publisher\":{\"@id\":\"https:\\\/\\\/nmprawo.pl\\\/blog\\\/#organization\"},\"image\":{\"@id\":\"https:\\\/\\\/nmprawo.pl\\\/blog\\\/akcja-otwieramy\\\/#primaryimage\"},\"thumbnailUrl\":\"https:\\\/\\\/nmprawo.pl\\\/blog\\\/wp-content\\\/uploads\\\/2021\\\/02\\\/otwieramy.png\",\"articleSection\":[\"Koronawirus\"],\"inLanguage\":\"pl-PL\"},{\"@type\":\"WebPage\",\"@id\":\"https:\\\/\\\/nmprawo.pl\\\/blog\\\/akcja-otwieramy\\\/\",\"url\":\"https:\\\/\\\/nmprawo.pl\\\/blog\\\/akcja-otwieramy\\\/\",\"name\":\"Akcja \\\"OtwieraMY\\\" - Blog prawny\",\"isPartOf\":{\"@id\":\"https:\\\/\\\/nmprawo.pl\\\/blog\\\/#website\"},\"primaryImageOfPage\":{\"@id\":\"https:\\\/\\\/nmprawo.pl\\\/blog\\\/akcja-otwieramy\\\/#primaryimage\"},\"image\":{\"@id\":\"https:\\\/\\\/nmprawo.pl\\\/blog\\\/akcja-otwieramy\\\/#primaryimage\"},\"thumbnailUrl\":\"https:\\\/\\\/nmprawo.pl\\\/blog\\\/wp-content\\\/uploads\\\/2021\\\/02\\\/otwieramy.png\",\"datePublished\":\"2021-02-05T17:07:34+00:00\",\"dateModified\":\"2025-07-07T14:55:02+00:00\",\"description\":\"Zakaz prowadzenia niekt\u00f3rych dzia\u0142alno\u015bci jest wci\u0105\u017c przed\u0142u\u017cany moc\u0105 Rozporz\u0105dze\u0144 Rady Ministr\u00f3w. Akcja \u201eOtwieraMY\u201d, ma na celu otwarcie tych miejsc, w kt\u00f3rych prowadzenie dzia\u0142alno\u015bci jest obecnie zakazane przez Rozporz\u0105dzenie.\",\"breadcrumb\":{\"@id\":\"https:\\\/\\\/nmprawo.pl\\\/blog\\\/akcja-otwieramy\\\/#breadcrumb\"},\"inLanguage\":\"pl-PL\",\"potentialAction\":[{\"@type\":\"ReadAction\",\"target\":[\"https:\\\/\\\/nmprawo.pl\\\/blog\\\/akcja-otwieramy\\\/\"]}]},{\"@type\":\"ImageObject\",\"inLanguage\":\"pl-PL\",\"@id\":\"https:\\\/\\\/nmprawo.pl\\\/blog\\\/akcja-otwieramy\\\/#primaryimage\",\"url\":\"https:\\\/\\\/nmprawo.pl\\\/blog\\\/wp-content\\\/uploads\\\/2021\\\/02\\\/otwieramy.png\",\"contentUrl\":\"https:\\\/\\\/nmprawo.pl\\\/blog\\\/wp-content\\\/uploads\\\/2021\\\/02\\\/otwieramy.png\",\"width\":1200,\"height\":628,\"caption\":\"akcja-otwieramy\"},{\"@type\":\"BreadcrumbList\",\"@id\":\"https:\\\/\\\/nmprawo.pl\\\/blog\\\/akcja-otwieramy\\\/#breadcrumb\",\"itemListElement\":[{\"@type\":\"ListItem\",\"position\":1,\"name\":\"Home\",\"item\":\"https:\\\/\\\/nmprawo.pl\\\/blog\\\/\"},{\"@type\":\"ListItem\",\"position\":2,\"name\":\"Akcja &#8222;OtwieraMY&#8221;\"}]},{\"@type\":\"WebSite\",\"@id\":\"https:\\\/\\\/nmprawo.pl\\\/blog\\\/#website\",\"url\":\"https:\\\/\\\/nmprawo.pl\\\/blog\\\/\",\"name\":\"Blog NMPRAWO\",\"description\":\"Radca Prawny Natalia Modzelewska\",\"publisher\":{\"@id\":\"https:\\\/\\\/nmprawo.pl\\\/blog\\\/#organization\"},\"potentialAction\":[{\"@type\":\"SearchAction\",\"target\":{\"@type\":\"EntryPoint\",\"urlTemplate\":\"https:\\\/\\\/nmprawo.pl\\\/blog\\\/?s={search_term_string}\"},\"query-input\":{\"@type\":\"PropertyValueSpecification\",\"valueRequired\":true,\"valueName\":\"search_term_string\"}}],\"inLanguage\":\"pl-PL\"},{\"@type\":\"Organization\",\"@id\":\"https:\\\/\\\/nmprawo.pl\\\/blog\\\/#organization\",\"name\":\"Kancelaria Radcy Prawnego NMPRAWO\",\"url\":\"https:\\\/\\\/nmprawo.pl\\\/blog\\\/\",\"logo\":{\"@type\":\"ImageObject\",\"inLanguage\":\"pl-PL\",\"@id\":\"https:\\\/\\\/nmprawo.pl\\\/blog\\\/#\\\/schema\\\/logo\\\/image\\\/\",\"url\":\"https:\\\/\\\/nmprawo.pl\\\/blog\\\/wp-content\\\/uploads\\\/2020\\\/11\\\/logo_schema.png\",\"contentUrl\":\"https:\\\/\\\/nmprawo.pl\\\/blog\\\/wp-content\\\/uploads\\\/2020\\\/11\\\/logo_schema.png\",\"width\":1201,\"height\":300,\"caption\":\"Kancelaria Radcy Prawnego NMPRAWO\"},\"image\":{\"@id\":\"https:\\\/\\\/nmprawo.pl\\\/blog\\\/#\\\/schema\\\/logo\\\/image\\\/\"},\"sameAs\":[\"https:\\\/\\\/www.facebook.com\\\/nmprawo\",\"https:\\\/\\\/x.com\\\/nmprawo\",\"https:\\\/\\\/www.instagram.com\\\/nmprawo\\\/\",\"https:\\\/\\\/www.linkedin.com\\\/company\\\/nmprawo\\\/\"]},{\"@type\":\"Person\",\"@id\":\"https:\\\/\\\/nmprawo.pl\\\/blog\\\/#\\\/schema\\\/person\\\/4d1f07490d680a1d65fa51ed8778de4c\",\"name\":\"Natalia Modzelewska\",\"image\":{\"@type\":\"ImageObject\",\"inLanguage\":\"pl-PL\",\"@id\":\"https:\\\/\\\/secure.gravatar.com\\\/avatar\\\/bcdb4d87e16a558fe0509790e1df7d7990b85ad3b630511e880ccbbdca024522?s=96&d=mm&r=g\",\"url\":\"https:\\\/\\\/secure.gravatar.com\\\/avatar\\\/bcdb4d87e16a558fe0509790e1df7d7990b85ad3b630511e880ccbbdca024522?s=96&d=mm&r=g\",\"contentUrl\":\"https:\\\/\\\/secure.gravatar.com\\\/avatar\\\/bcdb4d87e16a558fe0509790e1df7d7990b85ad3b630511e880ccbbdca024522?s=96&d=mm&r=g\",\"caption\":\"Natalia Modzelewska\"},\"description\":\"Nazywam si\u0119 Natalia Modzelewska i jestem radc\u0105 prawnym. Na co dzie\u0144 prowadz\u0119 kancelari\u0119 i pomagam r\u00f3\u017cnym klientom rozwi\u0105za\u0107 rozmaite problemy prawne. W wolnych chwilach du\u017co czytam na temat prawa, stale poszerzaj\u0105c swoje kompetencje.\",\"sameAs\":[\"https:\\\/\\\/nmprawo.pl\\\/\",\"https:\\\/\\\/www.facebook.com\\\/nmprawo\",\"https:\\\/\\\/www.instagram.com\\\/nmprawo\\\/\",\"https:\\\/\\\/www.linkedin.com\\\/company\\\/nmprawo\\\/\",\"https:\\\/\\\/x.com\\\/nmprawo\"]}]}<\/script>\n<!-- \/ Yoast SEO plugin. -->","yoast_head_json":{"title":"Akcja \"OtwieraMY\" - Blog prawny","description":"Zakaz prowadzenia niekt\u00f3rych dzia\u0142alno\u015bci jest wci\u0105\u017c przed\u0142u\u017cany moc\u0105 Rozporz\u0105dze\u0144 Rady Ministr\u00f3w. Akcja \u201eOtwieraMY\u201d, ma na celu otwarcie tych miejsc, w kt\u00f3rych prowadzenie dzia\u0142alno\u015bci jest obecnie zakazane przez Rozporz\u0105dzenie.","robots":{"index":"index","follow":"follow","max-snippet":"max-snippet:-1","max-image-preview":"max-image-preview:large","max-video-preview":"max-video-preview:-1"},"canonical":"https:\/\/nmprawo.pl\/blog\/akcja-otwieramy\/","og_locale":"pl_PL","og_type":"article","og_title":"Akcja \"OtwieraMY\" - Blog prawny","og_description":"Zakaz prowadzenia niekt\u00f3rych dzia\u0142alno\u015bci jest wci\u0105\u017c przed\u0142u\u017cany moc\u0105 Rozporz\u0105dze\u0144 Rady Ministr\u00f3w. Akcja \u201eOtwieraMY\u201d, ma na celu otwarcie tych miejsc, w kt\u00f3rych prowadzenie dzia\u0142alno\u015bci jest obecnie zakazane przez Rozporz\u0105dzenie.","og_url":"https:\/\/nmprawo.pl\/blog\/akcja-otwieramy\/","og_site_name":"Blog prawny","article_publisher":"https:\/\/www.facebook.com\/nmprawo","article_author":"https:\/\/www.facebook.com\/nmprawo","article_published_time":"2021-02-05T17:07:34+00:00","article_modified_time":"2025-07-07T14:55:02+00:00","og_image":[{"width":1200,"height":628,"url":"https:\/\/nmprawo.pl\/blog\/wp-content\/uploads\/2021\/02\/otwieramy.png","type":"image\/png"}],"author":"Natalia Modzelewska","twitter_card":"summary_large_image","twitter_creator":"@nmprawo","twitter_site":"@nmprawo","twitter_misc":{"Napisane przez":"Natalia Modzelewska","Szacowany czas czytania":"2 minuty"},"schema":{"@context":"https:\/\/schema.org","@graph":[{"@type":"Article","@id":"https:\/\/nmprawo.pl\/blog\/akcja-otwieramy\/#article","isPartOf":{"@id":"https:\/\/nmprawo.pl\/blog\/akcja-otwieramy\/"},"author":{"name":"Natalia Modzelewska","@id":"https:\/\/nmprawo.pl\/blog\/#\/schema\/person\/4d1f07490d680a1d65fa51ed8778de4c"},"headline":"Akcja &#8222;OtwieraMY&#8221;","datePublished":"2021-02-05T17:07:34+00:00","dateModified":"2025-07-07T14:55:02+00:00","mainEntityOfPage":{"@id":"https:\/\/nmprawo.pl\/blog\/akcja-otwieramy\/"},"wordCount":399,"publisher":{"@id":"https:\/\/nmprawo.pl\/blog\/#organization"},"image":{"@id":"https:\/\/nmprawo.pl\/blog\/akcja-otwieramy\/#primaryimage"},"thumbnailUrl":"https:\/\/nmprawo.pl\/blog\/wp-content\/uploads\/2021\/02\/otwieramy.png","articleSection":["Koronawirus"],"inLanguage":"pl-PL"},{"@type":"WebPage","@id":"https:\/\/nmprawo.pl\/blog\/akcja-otwieramy\/","url":"https:\/\/nmprawo.pl\/blog\/akcja-otwieramy\/","name":"Akcja \"OtwieraMY\" - Blog prawny","isPartOf":{"@id":"https:\/\/nmprawo.pl\/blog\/#website"},"primaryImageOfPage":{"@id":"https:\/\/nmprawo.pl\/blog\/akcja-otwieramy\/#primaryimage"},"image":{"@id":"https:\/\/nmprawo.pl\/blog\/akcja-otwieramy\/#primaryimage"},"thumbnailUrl":"https:\/\/nmprawo.pl\/blog\/wp-content\/uploads\/2021\/02\/otwieramy.png","datePublished":"2021-02-05T17:07:34+00:00","dateModified":"2025-07-07T14:55:02+00:00","description":"Zakaz prowadzenia niekt\u00f3rych dzia\u0142alno\u015bci jest wci\u0105\u017c przed\u0142u\u017cany moc\u0105 Rozporz\u0105dze\u0144 Rady Ministr\u00f3w. Akcja \u201eOtwieraMY\u201d, ma na celu otwarcie tych miejsc, w kt\u00f3rych prowadzenie dzia\u0142alno\u015bci jest obecnie zakazane przez Rozporz\u0105dzenie.","breadcrumb":{"@id":"https:\/\/nmprawo.pl\/blog\/akcja-otwieramy\/#breadcrumb"},"inLanguage":"pl-PL","potentialAction":[{"@type":"ReadAction","target":["https:\/\/nmprawo.pl\/blog\/akcja-otwieramy\/"]}]},{"@type":"ImageObject","inLanguage":"pl-PL","@id":"https:\/\/nmprawo.pl\/blog\/akcja-otwieramy\/#primaryimage","url":"https:\/\/nmprawo.pl\/blog\/wp-content\/uploads\/2021\/02\/otwieramy.png","contentUrl":"https:\/\/nmprawo.pl\/blog\/wp-content\/uploads\/2021\/02\/otwieramy.png","width":1200,"height":628,"caption":"akcja-otwieramy"},{"@type":"BreadcrumbList","@id":"https:\/\/nmprawo.pl\/blog\/akcja-otwieramy\/#breadcrumb","itemListElement":[{"@type":"ListItem","position":1,"name":"Home","item":"https:\/\/nmprawo.pl\/blog\/"},{"@type":"ListItem","position":2,"name":"Akcja &#8222;OtwieraMY&#8221;"}]},{"@type":"WebSite","@id":"https:\/\/nmprawo.pl\/blog\/#website","url":"https:\/\/nmprawo.pl\/blog\/","name":"Blog NMPRAWO","description":"Radca Prawny Natalia Modzelewska","publisher":{"@id":"https:\/\/nmprawo.pl\/blog\/#organization"},"potentialAction":[{"@type":"SearchAction","target":{"@type":"EntryPoint","urlTemplate":"https:\/\/nmprawo.pl\/blog\/?s={search_term_string}"},"query-input":{"@type":"PropertyValueSpecification","valueRequired":true,"valueName":"search_term_string"}}],"inLanguage":"pl-PL"},{"@type":"Organization","@id":"https:\/\/nmprawo.pl\/blog\/#organization","name":"Kancelaria Radcy Prawnego NMPRAWO","url":"https:\/\/nmprawo.pl\/blog\/","logo":{"@type":"ImageObject","inLanguage":"pl-PL","@id":"https:\/\/nmprawo.pl\/blog\/#\/schema\/logo\/image\/","url":"https:\/\/nmprawo.pl\/blog\/wp-content\/uploads\/2020\/11\/logo_schema.png","contentUrl":"https:\/\/nmprawo.pl\/blog\/wp-content\/uploads\/2020\/11\/logo_schema.png","width":1201,"height":300,"caption":"Kancelaria Radcy Prawnego NMPRAWO"},"image":{"@id":"https:\/\/nmprawo.pl\/blog\/#\/schema\/logo\/image\/"},"sameAs":["https:\/\/www.facebook.com\/nmprawo","https:\/\/x.com\/nmprawo","https:\/\/www.instagram.com\/nmprawo\/","https:\/\/www.linkedin.com\/company\/nmprawo\/"]},{"@type":"Person","@id":"https:\/\/nmprawo.pl\/blog\/#\/schema\/person\/4d1f07490d680a1d65fa51ed8778de4c","name":"Natalia Modzelewska","image":{"@type":"ImageObject","inLanguage":"pl-PL","@id":"https:\/\/secure.gravatar.com\/avatar\/bcdb4d87e16a558fe0509790e1df7d7990b85ad3b630511e880ccbbdca024522?s=96&d=mm&r=g","url":"https:\/\/secure.gravatar.com\/avatar\/bcdb4d87e16a558fe0509790e1df7d7990b85ad3b630511e880ccbbdca024522?s=96&d=mm&r=g","contentUrl":"https:\/\/secure.gravatar.com\/avatar\/bcdb4d87e16a558fe0509790e1df7d7990b85ad3b630511e880ccbbdca024522?s=96&d=mm&r=g","caption":"Natalia Modzelewska"},"description":"Nazywam si\u0119 Natalia Modzelewska i jestem radc\u0105 prawnym. Na co dzie\u0144 prowadz\u0119 kancelari\u0119 i pomagam r\u00f3\u017cnym klientom rozwi\u0105za\u0107 rozmaite problemy prawne. W wolnych chwilach du\u017co czytam na temat prawa, stale poszerzaj\u0105c swoje kompetencje.","sameAs":["https:\/\/nmprawo.pl\/","https:\/\/www.facebook.com\/nmprawo","https:\/\/www.instagram.com\/nmprawo\/","https:\/\/www.linkedin.com\/company\/nmprawo\/","https:\/\/x.com\/nmprawo"]}]}},"_links":{"self":[{"href":"https:\/\/nmprawo.pl\/blog\/wp-json\/wp\/v2\/posts\/448","targetHints":{"allow":["GET"]}}],"collection":[{"href":"https:\/\/nmprawo.pl\/blog\/wp-json\/wp\/v2\/posts"}],"about":[{"href":"https:\/\/nmprawo.pl\/blog\/wp-json\/wp\/v2\/types\/post"}],"author":[{"embeddable":true,"href":"https:\/\/nmprawo.pl\/blog\/wp-json\/wp\/v2\/users\/1"}],"replies":[{"embeddable":true,"href":"https:\/\/nmprawo.pl\/blog\/wp-json\/wp\/v2\/comments?post=448"}],"version-history":[{"count":2,"href":"https:\/\/nmprawo.pl\/blog\/wp-json\/wp\/v2\/posts\/448\/revisions"}],"predecessor-version":[{"id":453,"href":"https:\/\/nmprawo.pl\/blog\/wp-json\/wp\/v2\/posts\/448\/revisions\/453"}],"wp:featuredmedia":[{"embeddable":true,"href":"https:\/\/nmprawo.pl\/blog\/wp-json\/wp\/v2\/media\/449"}],"wp:attachment":[{"href":"https:\/\/nmprawo.pl\/blog\/wp-json\/wp\/v2\/media?parent=448"}],"wp:term":[{"taxonomy":"category","embeddable":true,"href":"https:\/\/nmprawo.pl\/blog\/wp-json\/wp\/v2\/categories?post=448"},{"taxonomy":"post_tag","embeddable":true,"href":"https:\/\/nmprawo.pl\/blog\/wp-json\/wp\/v2\/tags?post=448"}],"curies":[{"name":"wp","href":"https:\/\/api.w.org\/{rel}","templated":true}]}}