{"id":486,"date":"2021-09-19T12:00:09","date_gmt":"2021-09-19T10:00:09","guid":{"rendered":"https:\/\/nmprawo.pl\/blog\/?p=486"},"modified":"2025-07-07T16:55:14","modified_gmt":"2025-07-07T14:55:14","slug":"praca-zdalna-a-wypadek-przy-pracy","status":"publish","type":"post","link":"https:\/\/nmprawo.pl\/blog\/praca-zdalna-a-wypadek-przy-pracy\/","title":{"rendered":"Praca zdalna a wypadek przy pracy"},"content":{"rendered":"\n<p class=\"has-text-align-justify\">Ostatni rok z powodu koronawirusa spowodowa\u0142, \u017ce wielu pracownik\u00f3w wykonuj\u0105cych dotychczas swoj\u0105 prac\u0119 w siedzibie pracodawcy, zmuszona by\u0142a wykonywa\u0107 prac\u0119 zdalnie, pracuj\u0105c we w\u0142asnym mieszkaniu. &nbsp;Obecnie, cze\u015b\u0107 pracownik\u00f3w wr\u00f3ci\u0142a ju\u017c do swoich zak\u0142ad\u00f3w pracy, inni nadal pracuj\u0105 zdalnie i nie chc\u0105 powrotu do zak\u0142adu pracy. Jeszcze inni pracuj\u0105 hybrydowo. Pracuj\u0105c zdalnie, pracownicy maj\u0105 wi\u0119ksz\u0105 swobod\u0119 decydowania o organizacji pracy.<\/p>\n\n\n\n<p class=\"has-text-align-justify\">W zwi\u0105zku coraz powszechniejszym home office, pojawiaj\u0105 si\u0119 w\u0105tpliwo\u015bci pracownik\u00f3w dotycz\u0105ce m.in. ewentualnego wypadku przy pracy.<\/p>\n\n\n\n<p class=\"has-text-align-justify\"><strong>Czym zatem jest wypadek przy pracy? Jakie elementy musz\u0105 wyst\u0105pi\u0107, aby zdarzenie mog\u0142o zosta\u0107 uznane za wypadek przy pracy podczas wykonywania jej zdalnie? Czy poparzenie si\u0119 wrz\u0105tkiem podczas robienia kawy w przerwie od pracy mo\u017ce by\u0107 uznane za wypadek przy pracy?<\/strong><\/p>\n\n\n\n<p class=\"has-text-align-justify\">Definicj\u0119 wypadku przy pracy znajdziemy w Ustawie o ubezpieczeniu spo\u0142ecznym z tytu\u0142u wypadk\u00f3w przy pracy i chor\u00f3b zawodowych. Zgodnie z art. 3 ust. 1&nbsp; przywo\u0142anej wy\u017cej ustawy za wypadek przy pracy uwa\u017ca si\u0119 nag\u0142e zdarzenie wywo\u0142ane przyczyn\u0105 zewn\u0119trzn\u0105, powoduj\u0105ce uraz lub \u015bmier\u0107, kt\u00f3re nast\u0105pi\u0142o w zwi\u0105zku z prac\u0105:<\/p>\n\n\n\n<p class=\"has-text-align-left has-ek-indent\" style=\"--ek-indent:20px\">1) podczas lub w zwi\u0105zku z wykonywaniem przez pracownika zwyk\u0142ych czynno\u015bci lub polece\u0144 prze\u0142o\u017conych;<\/p>\n\n\n\n<p class=\"has-ek-indent\" style=\"--ek-indent:20px\">2) podczas lub w zwi\u0105zku z wykonywaniem przez pracownika czynno\u015bci na rzecz pracodawcy, nawet bez polecenia;<\/p>\n\n\n\n<p class=\"has-text-align-justify has-ek-indent\" style=\"--ek-indent:20px\">3) w czasie pozostawania pracownika w dyspozycji pracodawcy w drodze mi\u0119dzy siedzib\u0105 pracodawcy a miejscem wykonywania obowi\u0105zku wynikaj\u0105cego ze stosunku pracy.<\/p>\n\n\n\n<p class=\"has-text-align-justify\">Z powy\u017cszego wynika, \u017ce aby zdarzenie uzna\u0107 za wypadek przy pracy musi by\u0107 ono nag\u0142e, przyczyna musi pochodzi\u0107 z zewn\u0105trz, skutkiem zdarzenia jest uraz lub \u015bmier\u0107 pracownika oraz zdarzenie ma zwi\u0105zek z prac\u0105. Te elementy musz\u0105 wyst\u0105pi\u0107 r\u00f3wnocze\u015bnie, by mog\u0142y by\u0107 uznane za wypadek przy pracy.<\/p>\n\n\n\n<p class=\"has-text-align-justify\">Przy wykonywaniu pracy w trybie zdalnym, wypadkiem przy pracy nie b\u0119dzie na przyk\u0142ad z\u0142amanie nogi podczas schodzenia ze schod\u00f3w, aby wyrzuci\u0107 \u015bmieci, cho\u0107by wyst\u0105pi\u0142o w godzinach pracy. Gdyby jednak ten sam pracownik, z\u0142ama\u0142 nog\u0119 wychodz\u0105c do sklepu, na polecenie prze\u0142o\u017conego, w celu zakupu nowego kabla do laptopa, zdarzenie by\u0142oby zosta\u0107 uznane za wypadek przy pracy.<\/p>\n\n\n\n<p class=\"has-text-align-justify\">Przy ocenie czy zdarzenia stanowi wypadku przy pracy, istotne jest, by nie dosz\u0142o do rozerwania zwi\u0105zku z prac\u0105. Przyk\u0142adem mo\u017ce by\u0107 poparzenie si\u0119 podczas przygotowywania posi\u0142ku w ramach kr\u00f3tkotrwa\u0142ej przerwy w pracy zaliczanej do czasu pracy. Takie zdarzenia mog\u0105 by\u0107 uznane za wypadek przy pracy, o ile nie dosz\u0142o do zerwania zwi\u0105zku z prac\u0105.<\/p>\n\n\n\n<p class=\"has-text-align-justify\">Warto na koniec zaznaczy\u0107, \u017ce kryteria kwalifikowania zdarzenia jako wypadku przy pracy nie zawsze s\u0105 tak jednoznaczne jak mog\u0142oby si\u0119 wydawa\u0107, a ka\u017cdy przypadek nale\u017cy rozpatrywa\u0107 indywidualnie i skonsultowa\u0107 spraw\u0119 z profesjonalist\u0105 \u2013 radc\u0105 prawnym lub adwokatem.<\/p>\n","protected":false},"excerpt":{"rendered":"<p>Ostatni rok z powodu koronawirusa spowodowa\u0142, \u017ce wielu pracownik\u00f3w wykonuj\u0105cych dotychczas swoj\u0105 prac\u0119 w siedzibie pracodawcy, zmuszona by\u0142a wykonywa\u0107 prac\u0119 zdalnie, pracuj\u0105c we w\u0142asnym mieszkaniu.&hellip;<\/p>\n","protected":false},"author":1,"featured_media":489,"comment_status":"closed","ping_status":"open","sticky":false,"template":"","format":"standard","meta":{"_editorskit_title_hidden":false,"_editorskit_reading_time":1,"_editorskit_is_block_options_detached":false,"_editorskit_block_options_position":"{}","footnotes":""},"categories":[12,13],"tags":[],"class_list":["post-486","post","type-post","status-publish","format-standard","has-post-thumbnail","hentry","category-koronawirus","category-prawo-pracy","has-post-thumbnail-archive"],"yoast_head":"<!-- This site is optimized with the Yoast SEO plugin v27.5 - https:\/\/yoast.com\/product\/yoast-seo-wordpress\/ -->\n<title>Praca zdalna a wypadek przy pracy - Blog prawny<\/title>\n<meta name=\"robots\" content=\"index, follow, max-snippet:-1, max-image-preview:large, max-video-preview:-1\" \/>\n<link rel=\"canonical\" href=\"https:\/\/nmprawo.pl\/blog\/praca-zdalna-a-wypadek-przy-pracy\/\" \/>\n<meta property=\"og:locale\" content=\"pl_PL\" \/>\n<meta property=\"og:type\" content=\"article\" \/>\n<meta property=\"og:title\" content=\"Praca zdalna a wypadek przy pracy - Blog prawny\" \/>\n<meta property=\"og:description\" content=\"Ostatni rok z powodu koronawirusa spowodowa\u0142, \u017ce wielu pracownik\u00f3w wykonuj\u0105cych dotychczas swoj\u0105 prac\u0119 w siedzibie pracodawcy, zmuszona by\u0142a wykonywa\u0107 prac\u0119 zdalnie, pracuj\u0105c we w\u0142asnym mieszkaniu.&hellip;\" \/>\n<meta property=\"og:url\" content=\"https:\/\/nmprawo.pl\/blog\/praca-zdalna-a-wypadek-przy-pracy\/\" \/>\n<meta property=\"og:site_name\" content=\"Blog prawny\" \/>\n<meta property=\"article:publisher\" content=\"https:\/\/www.facebook.com\/nmprawo\" \/>\n<meta property=\"article:author\" content=\"https:\/\/www.facebook.com\/nmprawo\" \/>\n<meta property=\"article:published_time\" content=\"2021-09-19T10:00:09+00:00\" \/>\n<meta property=\"article:modified_time\" content=\"2025-07-07T14:55:14+00:00\" \/>\n<meta property=\"og:image\" content=\"https:\/\/nmprawo.pl\/blog\/wp-content\/uploads\/2021\/09\/1909.png\" \/>\n\t<meta property=\"og:image:width\" content=\"1200\" \/>\n\t<meta property=\"og:image:height\" content=\"628\" \/>\n\t<meta property=\"og:image:type\" content=\"image\/png\" \/>\n<meta name=\"author\" content=\"Natalia Modzelewska\" \/>\n<meta name=\"twitter:card\" content=\"summary_large_image\" \/>\n<meta name=\"twitter:creator\" content=\"@nmprawo\" \/>\n<meta name=\"twitter:site\" content=\"@nmprawo\" \/>\n<meta name=\"twitter:label1\" content=\"Napisane przez\" \/>\n\t<meta name=\"twitter:data1\" content=\"Natalia Modzelewska\" \/>\n\t<meta name=\"twitter:label2\" content=\"Szacowany czas czytania\" \/>\n\t<meta name=\"twitter:data2\" content=\"2 minuty\" \/>\n<script type=\"application\/ld+json\" class=\"yoast-schema-graph\">{\"@context\":\"https:\\\/\\\/schema.org\",\"@graph\":[{\"@type\":\"Article\",\"@id\":\"https:\\\/\\\/nmprawo.pl\\\/blog\\\/praca-zdalna-a-wypadek-przy-pracy\\\/#article\",\"isPartOf\":{\"@id\":\"https:\\\/\\\/nmprawo.pl\\\/blog\\\/praca-zdalna-a-wypadek-przy-pracy\\\/\"},\"author\":{\"name\":\"Natalia Modzelewska\",\"@id\":\"https:\\\/\\\/nmprawo.pl\\\/blog\\\/#\\\/schema\\\/person\\\/4d1f07490d680a1d65fa51ed8778de4c\"},\"headline\":\"Praca zdalna a wypadek przy pracy\",\"datePublished\":\"2021-09-19T10:00:09+00:00\",\"dateModified\":\"2025-07-07T14:55:14+00:00\",\"mainEntityOfPage\":{\"@id\":\"https:\\\/\\\/nmprawo.pl\\\/blog\\\/praca-zdalna-a-wypadek-przy-pracy\\\/\"},\"wordCount\":489,\"publisher\":{\"@id\":\"https:\\\/\\\/nmprawo.pl\\\/blog\\\/#organization\"},\"image\":{\"@id\":\"https:\\\/\\\/nmprawo.pl\\\/blog\\\/praca-zdalna-a-wypadek-przy-pracy\\\/#primaryimage\"},\"thumbnailUrl\":\"https:\\\/\\\/nmprawo.pl\\\/blog\\\/wp-content\\\/uploads\\\/2021\\\/09\\\/1909.png\",\"articleSection\":[\"Koronawirus\",\"Prawo Pracy\"],\"inLanguage\":\"pl-PL\"},{\"@type\":\"WebPage\",\"@id\":\"https:\\\/\\\/nmprawo.pl\\\/blog\\\/praca-zdalna-a-wypadek-przy-pracy\\\/\",\"url\":\"https:\\\/\\\/nmprawo.pl\\\/blog\\\/praca-zdalna-a-wypadek-przy-pracy\\\/\",\"name\":\"Praca zdalna a wypadek przy pracy - Blog prawny\",\"isPartOf\":{\"@id\":\"https:\\\/\\\/nmprawo.pl\\\/blog\\\/#website\"},\"primaryImageOfPage\":{\"@id\":\"https:\\\/\\\/nmprawo.pl\\\/blog\\\/praca-zdalna-a-wypadek-przy-pracy\\\/#primaryimage\"},\"image\":{\"@id\":\"https:\\\/\\\/nmprawo.pl\\\/blog\\\/praca-zdalna-a-wypadek-przy-pracy\\\/#primaryimage\"},\"thumbnailUrl\":\"https:\\\/\\\/nmprawo.pl\\\/blog\\\/wp-content\\\/uploads\\\/2021\\\/09\\\/1909.png\",\"datePublished\":\"2021-09-19T10:00:09+00:00\",\"dateModified\":\"2025-07-07T14:55:14+00:00\",\"breadcrumb\":{\"@id\":\"https:\\\/\\\/nmprawo.pl\\\/blog\\\/praca-zdalna-a-wypadek-przy-pracy\\\/#breadcrumb\"},\"inLanguage\":\"pl-PL\",\"potentialAction\":[{\"@type\":\"ReadAction\",\"target\":[\"https:\\\/\\\/nmprawo.pl\\\/blog\\\/praca-zdalna-a-wypadek-przy-pracy\\\/\"]}]},{\"@type\":\"ImageObject\",\"inLanguage\":\"pl-PL\",\"@id\":\"https:\\\/\\\/nmprawo.pl\\\/blog\\\/praca-zdalna-a-wypadek-przy-pracy\\\/#primaryimage\",\"url\":\"https:\\\/\\\/nmprawo.pl\\\/blog\\\/wp-content\\\/uploads\\\/2021\\\/09\\\/1909.png\",\"contentUrl\":\"https:\\\/\\\/nmprawo.pl\\\/blog\\\/wp-content\\\/uploads\\\/2021\\\/09\\\/1909.png\",\"width\":1200,\"height\":628,\"caption\":\"covid_work_accidents\"},{\"@type\":\"BreadcrumbList\",\"@id\":\"https:\\\/\\\/nmprawo.pl\\\/blog\\\/praca-zdalna-a-wypadek-przy-pracy\\\/#breadcrumb\",\"itemListElement\":[{\"@type\":\"ListItem\",\"position\":1,\"name\":\"Home\",\"item\":\"https:\\\/\\\/nmprawo.pl\\\/blog\\\/\"},{\"@type\":\"ListItem\",\"position\":2,\"name\":\"Praca zdalna a wypadek przy pracy\"}]},{\"@type\":\"WebSite\",\"@id\":\"https:\\\/\\\/nmprawo.pl\\\/blog\\\/#website\",\"url\":\"https:\\\/\\\/nmprawo.pl\\\/blog\\\/\",\"name\":\"Blog NMPRAWO\",\"description\":\"Radca Prawny Natalia Modzelewska\",\"publisher\":{\"@id\":\"https:\\\/\\\/nmprawo.pl\\\/blog\\\/#organization\"},\"potentialAction\":[{\"@type\":\"SearchAction\",\"target\":{\"@type\":\"EntryPoint\",\"urlTemplate\":\"https:\\\/\\\/nmprawo.pl\\\/blog\\\/?s={search_term_string}\"},\"query-input\":{\"@type\":\"PropertyValueSpecification\",\"valueRequired\":true,\"valueName\":\"search_term_string\"}}],\"inLanguage\":\"pl-PL\"},{\"@type\":\"Organization\",\"@id\":\"https:\\\/\\\/nmprawo.pl\\\/blog\\\/#organization\",\"name\":\"Kancelaria Radcy Prawnego NMPRAWO\",\"url\":\"https:\\\/\\\/nmprawo.pl\\\/blog\\\/\",\"logo\":{\"@type\":\"ImageObject\",\"inLanguage\":\"pl-PL\",\"@id\":\"https:\\\/\\\/nmprawo.pl\\\/blog\\\/#\\\/schema\\\/logo\\\/image\\\/\",\"url\":\"https:\\\/\\\/nmprawo.pl\\\/blog\\\/wp-content\\\/uploads\\\/2020\\\/11\\\/logo_schema.png\",\"contentUrl\":\"https:\\\/\\\/nmprawo.pl\\\/blog\\\/wp-content\\\/uploads\\\/2020\\\/11\\\/logo_schema.png\",\"width\":1201,\"height\":300,\"caption\":\"Kancelaria Radcy Prawnego NMPRAWO\"},\"image\":{\"@id\":\"https:\\\/\\\/nmprawo.pl\\\/blog\\\/#\\\/schema\\\/logo\\\/image\\\/\"},\"sameAs\":[\"https:\\\/\\\/www.facebook.com\\\/nmprawo\",\"https:\\\/\\\/x.com\\\/nmprawo\",\"https:\\\/\\\/www.instagram.com\\\/nmprawo\\\/\",\"https:\\\/\\\/www.linkedin.com\\\/company\\\/nmprawo\\\/\"]},{\"@type\":\"Person\",\"@id\":\"https:\\\/\\\/nmprawo.pl\\\/blog\\\/#\\\/schema\\\/person\\\/4d1f07490d680a1d65fa51ed8778de4c\",\"name\":\"Natalia Modzelewska\",\"image\":{\"@type\":\"ImageObject\",\"inLanguage\":\"pl-PL\",\"@id\":\"https:\\\/\\\/secure.gravatar.com\\\/avatar\\\/bcdb4d87e16a558fe0509790e1df7d7990b85ad3b630511e880ccbbdca024522?s=96&d=mm&r=g\",\"url\":\"https:\\\/\\\/secure.gravatar.com\\\/avatar\\\/bcdb4d87e16a558fe0509790e1df7d7990b85ad3b630511e880ccbbdca024522?s=96&d=mm&r=g\",\"contentUrl\":\"https:\\\/\\\/secure.gravatar.com\\\/avatar\\\/bcdb4d87e16a558fe0509790e1df7d7990b85ad3b630511e880ccbbdca024522?s=96&d=mm&r=g\",\"caption\":\"Natalia Modzelewska\"},\"description\":\"Nazywam si\u0119 Natalia Modzelewska i jestem radc\u0105 prawnym. Na co dzie\u0144 prowadz\u0119 kancelari\u0119 i pomagam r\u00f3\u017cnym klientom rozwi\u0105za\u0107 rozmaite problemy prawne. W wolnych chwilach du\u017co czytam na temat prawa, stale poszerzaj\u0105c swoje kompetencje.\",\"sameAs\":[\"https:\\\/\\\/nmprawo.pl\\\/\",\"https:\\\/\\\/www.facebook.com\\\/nmprawo\",\"https:\\\/\\\/www.instagram.com\\\/nmprawo\\\/\",\"https:\\\/\\\/www.linkedin.com\\\/company\\\/nmprawo\\\/\",\"https:\\\/\\\/x.com\\\/nmprawo\"]}]}<\/script>\n<!-- \/ Yoast SEO plugin. -->","yoast_head_json":{"title":"Praca zdalna a wypadek przy pracy - Blog prawny","robots":{"index":"index","follow":"follow","max-snippet":"max-snippet:-1","max-image-preview":"max-image-preview:large","max-video-preview":"max-video-preview:-1"},"canonical":"https:\/\/nmprawo.pl\/blog\/praca-zdalna-a-wypadek-przy-pracy\/","og_locale":"pl_PL","og_type":"article","og_title":"Praca zdalna a wypadek przy pracy - Blog prawny","og_description":"Ostatni rok z powodu koronawirusa spowodowa\u0142, \u017ce wielu pracownik\u00f3w wykonuj\u0105cych dotychczas swoj\u0105 prac\u0119 w siedzibie pracodawcy, zmuszona by\u0142a wykonywa\u0107 prac\u0119 zdalnie, pracuj\u0105c we w\u0142asnym mieszkaniu.&hellip;","og_url":"https:\/\/nmprawo.pl\/blog\/praca-zdalna-a-wypadek-przy-pracy\/","og_site_name":"Blog prawny","article_publisher":"https:\/\/www.facebook.com\/nmprawo","article_author":"https:\/\/www.facebook.com\/nmprawo","article_published_time":"2021-09-19T10:00:09+00:00","article_modified_time":"2025-07-07T14:55:14+00:00","og_image":[{"width":1200,"height":628,"url":"https:\/\/nmprawo.pl\/blog\/wp-content\/uploads\/2021\/09\/1909.png","type":"image\/png"}],"author":"Natalia Modzelewska","twitter_card":"summary_large_image","twitter_creator":"@nmprawo","twitter_site":"@nmprawo","twitter_misc":{"Napisane przez":"Natalia Modzelewska","Szacowany czas czytania":"2 minuty"},"schema":{"@context":"https:\/\/schema.org","@graph":[{"@type":"Article","@id":"https:\/\/nmprawo.pl\/blog\/praca-zdalna-a-wypadek-przy-pracy\/#article","isPartOf":{"@id":"https:\/\/nmprawo.pl\/blog\/praca-zdalna-a-wypadek-przy-pracy\/"},"author":{"name":"Natalia Modzelewska","@id":"https:\/\/nmprawo.pl\/blog\/#\/schema\/person\/4d1f07490d680a1d65fa51ed8778de4c"},"headline":"Praca zdalna a wypadek przy pracy","datePublished":"2021-09-19T10:00:09+00:00","dateModified":"2025-07-07T14:55:14+00:00","mainEntityOfPage":{"@id":"https:\/\/nmprawo.pl\/blog\/praca-zdalna-a-wypadek-przy-pracy\/"},"wordCount":489,"publisher":{"@id":"https:\/\/nmprawo.pl\/blog\/#organization"},"image":{"@id":"https:\/\/nmprawo.pl\/blog\/praca-zdalna-a-wypadek-przy-pracy\/#primaryimage"},"thumbnailUrl":"https:\/\/nmprawo.pl\/blog\/wp-content\/uploads\/2021\/09\/1909.png","articleSection":["Koronawirus","Prawo Pracy"],"inLanguage":"pl-PL"},{"@type":"WebPage","@id":"https:\/\/nmprawo.pl\/blog\/praca-zdalna-a-wypadek-przy-pracy\/","url":"https:\/\/nmprawo.pl\/blog\/praca-zdalna-a-wypadek-przy-pracy\/","name":"Praca zdalna a wypadek przy pracy - Blog prawny","isPartOf":{"@id":"https:\/\/nmprawo.pl\/blog\/#website"},"primaryImageOfPage":{"@id":"https:\/\/nmprawo.pl\/blog\/praca-zdalna-a-wypadek-przy-pracy\/#primaryimage"},"image":{"@id":"https:\/\/nmprawo.pl\/blog\/praca-zdalna-a-wypadek-przy-pracy\/#primaryimage"},"thumbnailUrl":"https:\/\/nmprawo.pl\/blog\/wp-content\/uploads\/2021\/09\/1909.png","datePublished":"2021-09-19T10:00:09+00:00","dateModified":"2025-07-07T14:55:14+00:00","breadcrumb":{"@id":"https:\/\/nmprawo.pl\/blog\/praca-zdalna-a-wypadek-przy-pracy\/#breadcrumb"},"inLanguage":"pl-PL","potentialAction":[{"@type":"ReadAction","target":["https:\/\/nmprawo.pl\/blog\/praca-zdalna-a-wypadek-przy-pracy\/"]}]},{"@type":"ImageObject","inLanguage":"pl-PL","@id":"https:\/\/nmprawo.pl\/blog\/praca-zdalna-a-wypadek-przy-pracy\/#primaryimage","url":"https:\/\/nmprawo.pl\/blog\/wp-content\/uploads\/2021\/09\/1909.png","contentUrl":"https:\/\/nmprawo.pl\/blog\/wp-content\/uploads\/2021\/09\/1909.png","width":1200,"height":628,"caption":"covid_work_accidents"},{"@type":"BreadcrumbList","@id":"https:\/\/nmprawo.pl\/blog\/praca-zdalna-a-wypadek-przy-pracy\/#breadcrumb","itemListElement":[{"@type":"ListItem","position":1,"name":"Home","item":"https:\/\/nmprawo.pl\/blog\/"},{"@type":"ListItem","position":2,"name":"Praca zdalna a wypadek przy pracy"}]},{"@type":"WebSite","@id":"https:\/\/nmprawo.pl\/blog\/#website","url":"https:\/\/nmprawo.pl\/blog\/","name":"Blog NMPRAWO","description":"Radca Prawny Natalia Modzelewska","publisher":{"@id":"https:\/\/nmprawo.pl\/blog\/#organization"},"potentialAction":[{"@type":"SearchAction","target":{"@type":"EntryPoint","urlTemplate":"https:\/\/nmprawo.pl\/blog\/?s={search_term_string}"},"query-input":{"@type":"PropertyValueSpecification","valueRequired":true,"valueName":"search_term_string"}}],"inLanguage":"pl-PL"},{"@type":"Organization","@id":"https:\/\/nmprawo.pl\/blog\/#organization","name":"Kancelaria Radcy Prawnego NMPRAWO","url":"https:\/\/nmprawo.pl\/blog\/","logo":{"@type":"ImageObject","inLanguage":"pl-PL","@id":"https:\/\/nmprawo.pl\/blog\/#\/schema\/logo\/image\/","url":"https:\/\/nmprawo.pl\/blog\/wp-content\/uploads\/2020\/11\/logo_schema.png","contentUrl":"https:\/\/nmprawo.pl\/blog\/wp-content\/uploads\/2020\/11\/logo_schema.png","width":1201,"height":300,"caption":"Kancelaria Radcy Prawnego NMPRAWO"},"image":{"@id":"https:\/\/nmprawo.pl\/blog\/#\/schema\/logo\/image\/"},"sameAs":["https:\/\/www.facebook.com\/nmprawo","https:\/\/x.com\/nmprawo","https:\/\/www.instagram.com\/nmprawo\/","https:\/\/www.linkedin.com\/company\/nmprawo\/"]},{"@type":"Person","@id":"https:\/\/nmprawo.pl\/blog\/#\/schema\/person\/4d1f07490d680a1d65fa51ed8778de4c","name":"Natalia Modzelewska","image":{"@type":"ImageObject","inLanguage":"pl-PL","@id":"https:\/\/secure.gravatar.com\/avatar\/bcdb4d87e16a558fe0509790e1df7d7990b85ad3b630511e880ccbbdca024522?s=96&d=mm&r=g","url":"https:\/\/secure.gravatar.com\/avatar\/bcdb4d87e16a558fe0509790e1df7d7990b85ad3b630511e880ccbbdca024522?s=96&d=mm&r=g","contentUrl":"https:\/\/secure.gravatar.com\/avatar\/bcdb4d87e16a558fe0509790e1df7d7990b85ad3b630511e880ccbbdca024522?s=96&d=mm&r=g","caption":"Natalia Modzelewska"},"description":"Nazywam si\u0119 Natalia Modzelewska i jestem radc\u0105 prawnym. Na co dzie\u0144 prowadz\u0119 kancelari\u0119 i pomagam r\u00f3\u017cnym klientom rozwi\u0105za\u0107 rozmaite problemy prawne. W wolnych chwilach du\u017co czytam na temat prawa, stale poszerzaj\u0105c swoje kompetencje.","sameAs":["https:\/\/nmprawo.pl\/","https:\/\/www.facebook.com\/nmprawo","https:\/\/www.instagram.com\/nmprawo\/","https:\/\/www.linkedin.com\/company\/nmprawo\/","https:\/\/x.com\/nmprawo"]}]}},"_links":{"self":[{"href":"https:\/\/nmprawo.pl\/blog\/wp-json\/wp\/v2\/posts\/486","targetHints":{"allow":["GET"]}}],"collection":[{"href":"https:\/\/nmprawo.pl\/blog\/wp-json\/wp\/v2\/posts"}],"about":[{"href":"https:\/\/nmprawo.pl\/blog\/wp-json\/wp\/v2\/types\/post"}],"author":[{"embeddable":true,"href":"https:\/\/nmprawo.pl\/blog\/wp-json\/wp\/v2\/users\/1"}],"replies":[{"embeddable":true,"href":"https:\/\/nmprawo.pl\/blog\/wp-json\/wp\/v2\/comments?post=486"}],"version-history":[{"count":2,"href":"https:\/\/nmprawo.pl\/blog\/wp-json\/wp\/v2\/posts\/486\/revisions"}],"predecessor-version":[{"id":491,"href":"https:\/\/nmprawo.pl\/blog\/wp-json\/wp\/v2\/posts\/486\/revisions\/491"}],"wp:featuredmedia":[{"embeddable":true,"href":"https:\/\/nmprawo.pl\/blog\/wp-json\/wp\/v2\/media\/489"}],"wp:attachment":[{"href":"https:\/\/nmprawo.pl\/blog\/wp-json\/wp\/v2\/media?parent=486"}],"wp:term":[{"taxonomy":"category","embeddable":true,"href":"https:\/\/nmprawo.pl\/blog\/wp-json\/wp\/v2\/categories?post=486"},{"taxonomy":"post_tag","embeddable":true,"href":"https:\/\/nmprawo.pl\/blog\/wp-json\/wp\/v2\/tags?post=486"}],"curies":[{"name":"wp","href":"https:\/\/api.w.org\/{rel}","templated":true}]}}